{"id":873,"date":"2025-01-20T15:56:43","date_gmt":"2025-01-20T14:56:43","guid":{"rendered":"https:\/\/vizekanzler.at\/?p=873"},"modified":"2025-01-20T15:56:43","modified_gmt":"2025-01-20T14:56:43","slug":"lange-hat-es-gedauert","status":"publish","type":"post","link":"https:\/\/vizekanzler.at\/?p=873","title":{"rendered":"Lange hat es gedauert&#8230;"},"content":{"rendered":"<div align=\"left\" style=\"float:left;padding:0px 5px 5px 0px;\"><a name=\"fb_share\" type=\"button_count\" share_url=\"https:\/\/vizekanzler.at\/?p=873\"><\/a><\/div><p>&#8230;bis vizekanzler.at sich wieder meldet. Und es hat sich einiges getan. Es gab einige Wahlen, einen Rechtsrutsch in \u00d6sterreich, Trump kommt wieder und ein oe24 Reporter ger\u00e4t in die Schlagzeilen. Aber hoffen wir einmal das Beste und freuen uns auf ein sch\u00f6nes 2025. In diesem Sinne: Alles Gute f\u00fcr das neue Jahr!<\/p>\n<p>Link zum oe24 Vorfall: <a href=\"https:\/\/burgenland.orf.at\/stories\/3289856\/\" target=\"_blank\">Reporter gewaltt\u00e4tig<\/a><\/p>\n","protected":false},"excerpt":{"rendered":"<p>&#8230;bis vizekanzler.at sich wieder meldet. Und es hat sich einiges getan. Es gab einige Wahlen, einen Rechtsrutsch in \u00d6sterreich, Trump kommt wieder und ein oe24 Reporter ger\u00e4t in die Schlagzeilen. Aber hoffen wir einmal das Beste und freuen uns auf &hellip; <a href=\"https:\/\/vizekanzler.at\/?p=873\">Weiterlesen <span class=\"meta-nav\">&rarr;<\/span><\/a><\/p>\n","protected":false},"author":1,"featured_media":0,"comment_status":"open","ping_status":"open","sticky":false,"template":"","format":"standard","meta":{"footnotes":""},"categories":[1],"tags":[],"class_list":["post-873","post","type-post","status-publish","format-standard","hentry","category-allgemein"],"_links":{"self":[{"href":"https:\/\/vizekanzler.at\/index.php?rest_route=\/wp\/v2\/posts\/873","targetHints":{"allow":["GET"]}}],"collection":[{"href":"https:\/\/vizekanzler.at\/index.php?rest_route=\/wp\/v2\/posts"}],"about":[{"href":"https:\/\/vizekanzler.at\/index.php?rest_route=\/wp\/v2\/types\/post"}],"author":[{"embeddable":true,"href":"https:\/\/vizekanzler.at\/index.php?rest_route=\/wp\/v2\/users\/1"}],"replies":[{"embeddable":true,"href":"https:\/\/vizekanzler.at\/index.php?rest_route=%2Fwp%2Fv2%2Fcomments&post=873"}],"version-history":[{"count":1,"href":"https:\/\/vizekanzler.at\/index.php?rest_route=\/wp\/v2\/posts\/873\/revisions"}],"predecessor-version":[{"id":874,"href":"https:\/\/vizekanzler.at\/index.php?rest_route=\/wp\/v2\/posts\/873\/revisions\/874"}],"wp:attachment":[{"href":"https:\/\/vizekanzler.at\/index.php?rest_route=%2Fwp%2Fv2%2Fmedia&parent=873"}],"wp:term":[{"taxonomy":"category","embeddable":true,"href":"https:\/\/vizekanzler.at\/index.php?rest_route=%2Fwp%2Fv2%2Fcategories&post=873"},{"taxonomy":"post_tag","embeddable":true,"href":"https:\/\/vizekanzler.at\/index.php?rest_route=%2Fwp%2Fv2%2Ftags&post=873"}],"curies":[{"name":"wp","href":"https:\/\/api.w.org\/{rel}","templated":true}]}}