{"id":850,"date":"2021-11-10T11:36:21","date_gmt":"2021-11-10T10:36:21","guid":{"rendered":"https:\/\/vizekanzler.at\/?p=850"},"modified":"2021-11-10T11:43:58","modified_gmt":"2021-11-10T10:43:58","slug":"ist-das-offizielle-parteisprache","status":"publish","type":"post","link":"https:\/\/vizekanzler.at\/?p=850","title":{"rendered":"Ist das offizielle Parteisprache?"},"content":{"rendered":"<div align=\"left\" style=\"float:left;padding:0px 5px 5px 0px;\"><a name=\"fb_share\" type=\"button_count\" share_url=\"https:\/\/vizekanzler.at\/?p=850\"><\/a><\/div><p>Die Sprache spricht f\u00fcr sich. Die Dame ist \u00fcbrigens Vorstandsmitglied und Landesobmann Stellvertreterin der Freiheitlichen Arbeitnehmer Salzburg.<br \/>\n<a href=\"http:\/\/vizekanzler.at\/wp-content\/uploads\/2021\/11\/schoeppl.jpg\"><img loading=\"lazy\" decoding=\"async\" src=\"http:\/\/vizekanzler.at\/wp-content\/uploads\/2021\/11\/schoeppl-194x300.jpg\" alt=\"birds of a feather\" width=\"194\" height=\"300\" class=\"alignleft size-medium wp-image-851\" srcset=\"https:\/\/vizekanzler.at\/wp-content\/uploads\/2021\/11\/schoeppl-194x300.jpg 194w, https:\/\/vizekanzler.at\/wp-content\/uploads\/2021\/11\/schoeppl.jpg 526w\" sizes=\"auto, (max-width: 194px) 100vw, 194px\" \/><\/a><br \/>\n<a href=\"http:\/\/vizekanzler.at\/wp-content\/uploads\/2021\/11\/schoeppl2.jpg\"><img loading=\"lazy\" decoding=\"async\" src=\"http:\/\/vizekanzler.at\/wp-content\/uploads\/2021\/11\/schoeppl2-300x158.jpg\" alt=\"\" width=\"300\" height=\"158\" class=\"alignleft size-medium wp-image-852\" srcset=\"https:\/\/vizekanzler.at\/wp-content\/uploads\/2021\/11\/schoeppl2-300x158.jpg 300w, https:\/\/vizekanzler.at\/wp-content\/uploads\/2021\/11\/schoeppl2-768x405.jpg 768w, https:\/\/vizekanzler.at\/wp-content\/uploads\/2021\/11\/schoeppl2-500x264.jpg 500w, https:\/\/vizekanzler.at\/wp-content\/uploads\/2021\/11\/schoeppl2.jpg 841w\" sizes=\"auto, (max-width: 300px) 100vw, 300px\" \/><\/a><\/p>\n<p>Die &#8222;FP\u00d6 Fails&#8220; Website ist immer einen Besuch wert: <a href=\"https:\/\/fpoefails.org\/\" rel=\"noopener\" target=\"_blank\">LINK  zu FP\u00d6 Fails<\/a><\/p>\n","protected":false},"excerpt":{"rendered":"<p>Die Sprache spricht f\u00fcr sich. Die Dame ist \u00fcbrigens Vorstandsmitglied und Landesobmann Stellvertreterin der Freiheitlichen Arbeitnehmer Salzburg. Die &#8222;FP\u00d6 Fails&#8220; Website ist immer einen Besuch wert: LINK zu FP\u00d6 Fails<\/p>\n","protected":false},"author":1,"featured_media":0,"comment_status":"open","ping_status":"open","sticky":false,"template":"","format":"standard","meta":{"footnotes":""},"categories":[1],"tags":[],"class_list":["post-850","post","type-post","status-publish","format-standard","hentry","category-allgemein"],"_links":{"self":[{"href":"https:\/\/vizekanzler.at\/index.php?rest_route=\/wp\/v2\/posts\/850","targetHints":{"allow":["GET"]}}],"collection":[{"href":"https:\/\/vizekanzler.at\/index.php?rest_route=\/wp\/v2\/posts"}],"about":[{"href":"https:\/\/vizekanzler.at\/index.php?rest_route=\/wp\/v2\/types\/post"}],"author":[{"embeddable":true,"href":"https:\/\/vizekanzler.at\/index.php?rest_route=\/wp\/v2\/users\/1"}],"replies":[{"embeddable":true,"href":"https:\/\/vizekanzler.at\/index.php?rest_route=%2Fwp%2Fv2%2Fcomments&post=850"}],"version-history":[{"count":2,"href":"https:\/\/vizekanzler.at\/index.php?rest_route=\/wp\/v2\/posts\/850\/revisions"}],"predecessor-version":[{"id":854,"href":"https:\/\/vizekanzler.at\/index.php?rest_route=\/wp\/v2\/posts\/850\/revisions\/854"}],"wp:attachment":[{"href":"https:\/\/vizekanzler.at\/index.php?rest_route=%2Fwp%2Fv2%2Fmedia&parent=850"}],"wp:term":[{"taxonomy":"category","embeddable":true,"href":"https:\/\/vizekanzler.at\/index.php?rest_route=%2Fwp%2Fv2%2Fcategories&post=850"},{"taxonomy":"post_tag","embeddable":true,"href":"https:\/\/vizekanzler.at\/index.php?rest_route=%2Fwp%2Fv2%2Ftags&post=850"}],"curies":[{"name":"wp","href":"https:\/\/api.w.org\/{rel}","templated":true}]}}