{"id":794,"date":"2021-01-31T19:58:03","date_gmt":"2021-01-31T18:58:03","guid":{"rendered":"http:\/\/vizekanzler.at\/?p=794"},"modified":"2021-01-31T19:58:03","modified_gmt":"2021-01-31T18:58:03","slug":"covidioten-ziehen-mit-rechtsextremen-durch-die-stadt","status":"publish","type":"post","link":"https:\/\/vizekanzler.at\/?p=794","title":{"rendered":"Covidioten ziehen mit Rechtsextremen durch die Stadt"},"content":{"rendered":"<div align=\"left\" style=\"float:left;padding:0px 5px 5px 0px;\"><a name=\"fb_share\" type=\"button_count\" share_url=\"https:\/\/vizekanzler.at\/?p=794\"><\/a><\/div><p>Herr Polizeipr\u00e4sident, warum schauen Sie zu? Herr Innenminister, warum greift die Polizei nicht ein? St\u00e4rke zeigen gegen Sch\u00fclerinnen, aber die wirkliche Gefahr, die rechte Brut, tolerieren? PFUI Deibel!<\/p>\n","protected":false},"excerpt":{"rendered":"<p>Herr Polizeipr\u00e4sident, warum schauen Sie zu? Herr Innenminister, warum greift die Polizei nicht ein? St\u00e4rke zeigen gegen Sch\u00fclerinnen, aber die wirkliche Gefahr, die rechte Brut, tolerieren? PFUI Deibel!<\/p>\n","protected":false},"author":1,"featured_media":0,"comment_status":"open","ping_status":"open","sticky":false,"template":"","format":"standard","meta":{"footnotes":""},"categories":[1],"tags":[],"class_list":["post-794","post","type-post","status-publish","format-standard","hentry","category-allgemein"],"_links":{"self":[{"href":"https:\/\/vizekanzler.at\/index.php?rest_route=\/wp\/v2\/posts\/794","targetHints":{"allow":["GET"]}}],"collection":[{"href":"https:\/\/vizekanzler.at\/index.php?rest_route=\/wp\/v2\/posts"}],"about":[{"href":"https:\/\/vizekanzler.at\/index.php?rest_route=\/wp\/v2\/types\/post"}],"author":[{"embeddable":true,"href":"https:\/\/vizekanzler.at\/index.php?rest_route=\/wp\/v2\/users\/1"}],"replies":[{"embeddable":true,"href":"https:\/\/vizekanzler.at\/index.php?rest_route=%2Fwp%2Fv2%2Fcomments&post=794"}],"version-history":[{"count":1,"href":"https:\/\/vizekanzler.at\/index.php?rest_route=\/wp\/v2\/posts\/794\/revisions"}],"predecessor-version":[{"id":795,"href":"https:\/\/vizekanzler.at\/index.php?rest_route=\/wp\/v2\/posts\/794\/revisions\/795"}],"wp:attachment":[{"href":"https:\/\/vizekanzler.at\/index.php?rest_route=%2Fwp%2Fv2%2Fmedia&parent=794"}],"wp:term":[{"taxonomy":"category","embeddable":true,"href":"https:\/\/vizekanzler.at\/index.php?rest_route=%2Fwp%2Fv2%2Fcategories&post=794"},{"taxonomy":"post_tag","embeddable":true,"href":"https:\/\/vizekanzler.at\/index.php?rest_route=%2Fwp%2Fv2%2Ftags&post=794"}],"curies":[{"name":"wp","href":"https:\/\/api.w.org\/{rel}","templated":true}]}}