{"id":599,"date":"2019-02-27T23:08:39","date_gmt":"2019-02-27T22:08:39","guid":{"rendered":"http:\/\/www.vizekanzler.at\/?p=599"},"modified":"2019-02-27T23:08:39","modified_gmt":"2019-02-27T22:08:39","slug":"und-nochmal-karfreitag","status":"publish","type":"post","link":"https:\/\/vizekanzler.at\/?p=599","title":{"rendered":"Und nochmal Karfreitag"},"content":{"rendered":"<div align=\"left\" style=\"float:left;padding:0px 5px 5px 0px;\"><a name=\"fb_share\" type=\"button_count\" share_url=\"https:\/\/vizekanzler.at\/?p=599\"><\/a><\/div><p>Und wieder zeigt Basti Bombasti wie sehr er der Wirtschaft h\u00f6rig ist. Baut er jetzt schon vor f\u00fcr die Zeit nach der Kanzlerschaft? Oder hat er das nicht notwendig weil er ja eh was Gescheites gelernt hat? Sorry, jetzt muss ich selber lachen. Immerhin, man darf sich jetzt in \u00d6sterreich einen Urlaubstag nehmen und das sogar am Karfreitag. Was fr\u00fcher nat\u00fcrlich ganz unm\u00f6glich war. Danke Basti!<\/p>\n","protected":false},"excerpt":{"rendered":"<p>Und wieder zeigt Basti Bombasti wie sehr er der Wirtschaft h\u00f6rig ist. Baut er jetzt schon vor f\u00fcr die Zeit nach der Kanzlerschaft? Oder hat er das nicht notwendig weil er ja eh was Gescheites gelernt hat? Sorry, jetzt muss &hellip; <a href=\"https:\/\/vizekanzler.at\/?p=599\">Weiterlesen <span class=\"meta-nav\">&rarr;<\/span><\/a><\/p>\n","protected":false},"author":1,"featured_media":0,"comment_status":"open","ping_status":"open","sticky":false,"template":"","format":"standard","meta":{"footnotes":""},"categories":[1],"tags":[],"class_list":["post-599","post","type-post","status-publish","format-standard","hentry","category-allgemein"],"_links":{"self":[{"href":"https:\/\/vizekanzler.at\/index.php?rest_route=\/wp\/v2\/posts\/599","targetHints":{"allow":["GET"]}}],"collection":[{"href":"https:\/\/vizekanzler.at\/index.php?rest_route=\/wp\/v2\/posts"}],"about":[{"href":"https:\/\/vizekanzler.at\/index.php?rest_route=\/wp\/v2\/types\/post"}],"author":[{"embeddable":true,"href":"https:\/\/vizekanzler.at\/index.php?rest_route=\/wp\/v2\/users\/1"}],"replies":[{"embeddable":true,"href":"https:\/\/vizekanzler.at\/index.php?rest_route=%2Fwp%2Fv2%2Fcomments&post=599"}],"version-history":[{"count":1,"href":"https:\/\/vizekanzler.at\/index.php?rest_route=\/wp\/v2\/posts\/599\/revisions"}],"predecessor-version":[{"id":600,"href":"https:\/\/vizekanzler.at\/index.php?rest_route=\/wp\/v2\/posts\/599\/revisions\/600"}],"wp:attachment":[{"href":"https:\/\/vizekanzler.at\/index.php?rest_route=%2Fwp%2Fv2%2Fmedia&parent=599"}],"wp:term":[{"taxonomy":"category","embeddable":true,"href":"https:\/\/vizekanzler.at\/index.php?rest_route=%2Fwp%2Fv2%2Fcategories&post=599"},{"taxonomy":"post_tag","embeddable":true,"href":"https:\/\/vizekanzler.at\/index.php?rest_route=%2Fwp%2Fv2%2Ftags&post=599"}],"curies":[{"name":"wp","href":"https:\/\/api.w.org\/{rel}","templated":true}]}}