{"id":597,"date":"2019-02-21T18:53:31","date_gmt":"2019-02-21T17:53:31","guid":{"rendered":"http:\/\/www.vizekanzler.at\/?p=597"},"modified":"2019-02-21T18:53:31","modified_gmt":"2019-02-21T17:53:31","slug":"karfreitags-theater","status":"publish","type":"post","link":"https:\/\/vizekanzler.at\/?p=597","title":{"rendered":"Karfreitags Theater"},"content":{"rendered":"<div align=\"left\" style=\"float:left;padding:0px 5px 5px 0px;\"><a name=\"fb_share\" type=\"button_count\" share_url=\"https:\/\/vizekanzler.at\/?p=597\"><\/a><\/div><p>Der hochverehrte Kanzler will es sich ja mit seinen Wirtschaftsfreunden nicht verscherzen. Man wei\u00df ja nie, ob man sie nicht noch brauchen kann. Daher kommt die halber freier Tag L\u00f6sung. Was davon zu halten ist, wei\u00df ja eh jeder. Wenn man allerdings bedenkt, wieviel Geld die Wirtschaft spart bzw. reinbekommt, weil so mancher Feiertag auf einen Sonntag f\u00e4llt, dann muss man gleich noch weniger Mitleid haben. Und nein, in dem Fall ist die Wirtschaft nicht die Arbeiter, die teilweise hart und lange unter schweren Bedingungen schuften, sondern die, deren Arbeit im Verwalten und \u00c4hnlichem liegt. Also nicht die \u00c4rmsten der Armen. Egal, lassen wir den Klassenkampf einmal beseite, sondern<br \/>\nschreiten zur Tat und unterschreiben f\u00fcr einen ganzen freien Tag.<br \/>\nAm besten <a href=\"https:\/\/mein.aufstehn.at\/petitions\/karfreitag-feiertag-fur-alle\" rel=\"noopener\" target=\"_blank\">hier!<\/a><\/p>\n","protected":false},"excerpt":{"rendered":"<p>Der hochverehrte Kanzler will es sich ja mit seinen Wirtschaftsfreunden nicht verscherzen. Man wei\u00df ja nie, ob man sie nicht noch brauchen kann. Daher kommt die halber freier Tag L\u00f6sung. Was davon zu halten ist, wei\u00df ja eh jeder. Wenn &hellip; <a href=\"https:\/\/vizekanzler.at\/?p=597\">Weiterlesen <span class=\"meta-nav\">&rarr;<\/span><\/a><\/p>\n","protected":false},"author":1,"featured_media":0,"comment_status":"open","ping_status":"open","sticky":false,"template":"","format":"standard","meta":{"footnotes":""},"categories":[1],"tags":[],"class_list":["post-597","post","type-post","status-publish","format-standard","hentry","category-allgemein"],"_links":{"self":[{"href":"https:\/\/vizekanzler.at\/index.php?rest_route=\/wp\/v2\/posts\/597","targetHints":{"allow":["GET"]}}],"collection":[{"href":"https:\/\/vizekanzler.at\/index.php?rest_route=\/wp\/v2\/posts"}],"about":[{"href":"https:\/\/vizekanzler.at\/index.php?rest_route=\/wp\/v2\/types\/post"}],"author":[{"embeddable":true,"href":"https:\/\/vizekanzler.at\/index.php?rest_route=\/wp\/v2\/users\/1"}],"replies":[{"embeddable":true,"href":"https:\/\/vizekanzler.at\/index.php?rest_route=%2Fwp%2Fv2%2Fcomments&post=597"}],"version-history":[{"count":1,"href":"https:\/\/vizekanzler.at\/index.php?rest_route=\/wp\/v2\/posts\/597\/revisions"}],"predecessor-version":[{"id":598,"href":"https:\/\/vizekanzler.at\/index.php?rest_route=\/wp\/v2\/posts\/597\/revisions\/598"}],"wp:attachment":[{"href":"https:\/\/vizekanzler.at\/index.php?rest_route=%2Fwp%2Fv2%2Fmedia&parent=597"}],"wp:term":[{"taxonomy":"category","embeddable":true,"href":"https:\/\/vizekanzler.at\/index.php?rest_route=%2Fwp%2Fv2%2Fcategories&post=597"},{"taxonomy":"post_tag","embeddable":true,"href":"https:\/\/vizekanzler.at\/index.php?rest_route=%2Fwp%2Fv2%2Ftags&post=597"}],"curies":[{"name":"wp","href":"https:\/\/api.w.org\/{rel}","templated":true}]}}