{"id":109,"date":"2010-01-22T00:04:22","date_gmt":"2010-01-21T23:04:22","guid":{"rendered":"http:\/\/www.vizekanzler.at\/?p=109"},"modified":"2010-01-22T00:04:22","modified_gmt":"2010-01-21T23:04:22","slug":"essen-und-trinken-bis-zum-jungsten-tag","status":"publish","type":"post","link":"https:\/\/vizekanzler.at\/?p=109","title":{"rendered":"Essen und Trinken bis zum j\u00fcngsten Tag"},"content":{"rendered":"<div align=\"left\" style=\"float:left;padding:0px 5px 5px 0px;\"><a name=\"fb_share\" type=\"button_count\" share_url=\"https:\/\/vizekanzler.at\/?p=109\"><\/a><\/div><p>Liebe Leserinnen und Leser,<\/p>\n<p>der Innenminister &#8211; wie st\u00e4ndig in \u00d6sterreich unterwegs &#8211; fuhr unl\u00e4ngst durch eine nette Ortschaft namens Schwadorf. Dort liegt ein nettes Gasthaus mit dem verlockenden Namen &#8222;Zum ewigen Leben&#8220;. Allein dieser Name ist es wohl wert, der werten Wirtsfamilie einen Besuch abzustatten.<\/p>\n","protected":false},"excerpt":{"rendered":"<p>Liebe Leserinnen und Leser, der Innenminister &#8211; wie st\u00e4ndig in \u00d6sterreich unterwegs &#8211; fuhr unl\u00e4ngst durch eine nette Ortschaft namens Schwadorf. Dort liegt ein nettes Gasthaus mit dem verlockenden Namen &#8222;Zum ewigen Leben&#8220;. Allein dieser Name ist es wohl wert, &hellip; <a href=\"https:\/\/vizekanzler.at\/?p=109\">Weiterlesen <span class=\"meta-nav\">&rarr;<\/span><\/a><\/p>\n","protected":false},"author":2,"featured_media":0,"comment_status":"open","ping_status":"open","sticky":false,"template":"","format":"standard","meta":{"footnotes":""},"categories":[3],"tags":[],"class_list":["post-109","post","type-post","status-publish","format-standard","hentry","category-schoene-plaetze"],"_links":{"self":[{"href":"https:\/\/vizekanzler.at\/index.php?rest_route=\/wp\/v2\/posts\/109","targetHints":{"allow":["GET"]}}],"collection":[{"href":"https:\/\/vizekanzler.at\/index.php?rest_route=\/wp\/v2\/posts"}],"about":[{"href":"https:\/\/vizekanzler.at\/index.php?rest_route=\/wp\/v2\/types\/post"}],"author":[{"embeddable":true,"href":"https:\/\/vizekanzler.at\/index.php?rest_route=\/wp\/v2\/users\/2"}],"replies":[{"embeddable":true,"href":"https:\/\/vizekanzler.at\/index.php?rest_route=%2Fwp%2Fv2%2Fcomments&post=109"}],"version-history":[{"count":2,"href":"https:\/\/vizekanzler.at\/index.php?rest_route=\/wp\/v2\/posts\/109\/revisions"}],"predecessor-version":[{"id":111,"href":"https:\/\/vizekanzler.at\/index.php?rest_route=\/wp\/v2\/posts\/109\/revisions\/111"}],"wp:attachment":[{"href":"https:\/\/vizekanzler.at\/index.php?rest_route=%2Fwp%2Fv2%2Fmedia&parent=109"}],"wp:term":[{"taxonomy":"category","embeddable":true,"href":"https:\/\/vizekanzler.at\/index.php?rest_route=%2Fwp%2Fv2%2Fcategories&post=109"},{"taxonomy":"post_tag","embeddable":true,"href":"https:\/\/vizekanzler.at\/index.php?rest_route=%2Fwp%2Fv2%2Ftags&post=109"}],"curies":[{"name":"wp","href":"https:\/\/api.w.org\/{rel}","templated":true}]}}